{"id":13968,"date":"2009-05-23T23:43:33","date_gmt":"2009-05-23T23:43:33","guid":{"rendered":"http:\/\/skaftfell.avistaserver.com\/?p=13968&#038;lang=en"},"modified":"2020-07-02T14:23:49","modified_gmt":"2020-07-02T14:23:49","slug":"duett-sonnettusveigur","status":"publish","type":"post","link":"https:\/\/archive.skaftfell.is\/en\/duett-sonnettusveigur\/","title":{"rendered":"D\u00faett \u2013 Sonnettusveigur"},"content":{"rendered":"<p>B\u00f3kin D\u00faett kom \u00fat fyrir t\u00e6pu \u00e1ri og er samstarfsverkefni hj\u00f3nanna L\u00f3u, \u00d3lafar Bjarkar Bragad\u00f3ttur, og Sigur\u00f0ar Ing\u00f3lfssonar. H\u00fan m\u00e1lar myndirnar og hann yrkir lj\u00f3\u00f0in. Myndirnar eru unnar me\u00f0 blanda\u00f0ri t\u00e6kni og m\u00e1la\u00f0ar \u00e1 \u00e1runum 2007-2008. Sonnettusveigurinn var fimmt\u00e1n \u00e1r \u00ed sm\u00ed\u00f0um. S\u00fdningin hefur veri\u00f0 sett upp \u00e1 nokkrum st\u00f6\u00f0um, \u00e1 Egilsst\u00f6\u00f0um og \u00e1 jafnr\u00e9ttisr\u00e1\u00f0stefnu \u00e1 Su\u00f0urnesjum og \u00e1 Akureyri.<\/p>\n","protected":false},"excerpt":{"rendered":"<p>B\u00f3kin D\u00faett kom \u00fat fyrir t\u00e6pu \u00e1ri og er samstarfsverkefni hj\u00f3nanna L\u00f3u, \u00d3lafar Bjarkar Bragad\u00f3ttur, og Sigur\u00f0ar Ing\u00f3lfssonar. H\u00fan m\u00e1lar myndirnar og hann yrkir lj\u00f3\u00f0in. Myndirnar eru unnar me\u00f0 blanda\u00f0ri t\u00e6kni og m\u00e1la\u00f0ar \u00e1 \u00e1runum 2007-2008. Sonnettusveigurinn var fimmt\u00e1n \u00e1r \u00ed sm\u00ed\u00f0um. S\u00fdningin hefur veri\u00f0 sett upp \u00e1 nokkrum st\u00f6\u00f0um, \u00e1 Egilsst\u00f6\u00f0um og \u00e1 jafnr\u00e9ttisr\u00e1\u00f0stefnu \u00e1 Su\u00f0urnesjum og \u00e1 Akureyri.<\/p>\n","protected":false},"author":7,"featured_media":8317,"comment_status":"closed","ping_status":"closed","sticky":false,"template":"","format":"standard","meta":{"footnotes":""},"categories":[186,233,86],"tags":[118],"class_list":["post-13968","post","type-post","status-publish","format-standard","has-post-thumbnail","hentry","category-2009-en","category-past-exhibitions-and-events","category-pastprogram","tag-the-west-wall-gallery"],"_links":{"self":[{"href":"https:\/\/archive.skaftfell.is\/en\/wp-json\/wp\/v2\/posts\/13968"}],"collection":[{"href":"https:\/\/archive.skaftfell.is\/en\/wp-json\/wp\/v2\/posts"}],"about":[{"href":"https:\/\/archive.skaftfell.is\/en\/wp-json\/wp\/v2\/types\/post"}],"author":[{"embeddable":true,"href":"https:\/\/archive.skaftfell.is\/en\/wp-json\/wp\/v2\/users\/7"}],"replies":[{"embeddable":true,"href":"https:\/\/archive.skaftfell.is\/en\/wp-json\/wp\/v2\/comments?post=13968"}],"version-history":[{"count":0,"href":"https:\/\/archive.skaftfell.is\/en\/wp-json\/wp\/v2\/posts\/13968\/revisions"}],"wp:featuredmedia":[{"embeddable":true,"href":"https:\/\/archive.skaftfell.is\/en\/wp-json\/wp\/v2\/media\/8317"}],"wp:attachment":[{"href":"https:\/\/archive.skaftfell.is\/en\/wp-json\/wp\/v2\/media?parent=13968"}],"wp:term":[{"taxonomy":"category","embeddable":true,"href":"https:\/\/archive.skaftfell.is\/en\/wp-json\/wp\/v2\/categories?post=13968"},{"taxonomy":"post_tag","embeddable":true,"href":"https:\/\/archive.skaftfell.is\/en\/wp-json\/wp\/v2\/tags?post=13968"}],"curies":[{"name":"wp","href":"https:\/\/api.w.org\/{rel}","templated":true}]}}