{"id":17698,"date":"2021-10-29T10:56:30","date_gmt":"2021-10-29T10:56:30","guid":{"rendered":"https:\/\/archive.skaftfell.is\/?p=17698"},"modified":"2023-04-01T04:48:48","modified_gmt":"2023-04-01T04:48:48","slug":"in-memoriam-a-publication-by-anna-vaivare-has-reached-the-president-of-iceland","status":"publish","type":"post","link":"https:\/\/archive.skaftfell.is\/en\/in-memoriam-a-publication-by-anna-vaivare-has-reached-the-president-of-iceland\/","title":{"rendered":"\u201cIn memoriam,&#8221; a publication by Anna Vaivare, has reached the President of Iceland"},"content":{"rendered":"<p>\u201cIn memoriam\u201d, a publication by our former residency artist Anna Vaivare, has reached the President of Iceland!<span class=\"Apple-converted-space\">\u00a0<\/span><\/p>\n<p>The inside of the folded print shows drawings of eleven houses in Sey\u00f0isfj\u00f6r\u00f0ur that were destroyed by a series of landslides in December 2020. The outside shows an abstract drawing reminiscent of mud or rubble. These drawings were one of the many outcomes of Anna\u2019s residency at Skaftfell in April and May 2021. Their printed edition was designed by Anna and commissioned by Skaftfell.<span class=\"Apple-converted-space\">\u00a0<\/span><\/p>\n<p>\u201cIn memoriam\u201d can be purchased through Skaftfell \u2013 for further information feel free to send us an email (skaftfell@archive.skaftfell.is).<\/p>\n<p><a href=\"http:\/\/www.annavaivare.lv\" target=\"_blank\" rel=\"noopener\"><strong>Anna Vaivare<\/strong><\/a> is an artist from Latvia mostly working in illustration and other graphic forms of transmitting stories and experiences. She started her professional career as an architect after graduating from Riga Technical University Faculty of Architecture and Urban Planning. Having created and published a number of short comics, and having illustrated five children\u2019s books she then studied for a Master degree at the Art Academy of Latvia Printmaking department.<\/p>\n<p>Anna\u2019s residency at Skaftfell has been supported by the Nordic Baltic Mobility Programme (Nordic Culture Point).<span class=\"Apple-converted-space\">\u00a0<\/span><\/p>\n<p>&nbsp;<\/p>\n<p><img loading=\"lazy\" decoding=\"async\" class=\" wp-image-17206 alignleft\" src=\"https:\/\/archive.skaftfell.is\/wp-content\/uploads\/2021\/05\/Culture_ENG_SMALL.jpg\" alt=\"\" width=\"179\" height=\"119\" srcset=\"https:\/\/archive.skaftfell.is\/wp-content\/uploads\/2021\/05\/Culture_ENG_SMALL.jpg 213w, https:\/\/archive.skaftfell.is\/wp-content\/uploads\/2021\/05\/Culture_ENG_SMALL-150x100.jpg 150w\" sizes=\"(max-width: 179px) 100vw, 179px\" \/><img loading=\"lazy\" decoding=\"async\" class=\" wp-image-17189 alignleft\" src=\"https:\/\/archive.skaftfell.is\/wp-content\/uploads\/2021\/05\/KKN_lo-res-en-500x149.jpg\" alt=\"\" width=\"204\" height=\"61\" srcset=\"https:\/\/archive.skaftfell.is\/wp-content\/uploads\/2021\/05\/KKN_lo-res-en-500x149.jpg 500w, https:\/\/archive.skaftfell.is\/wp-content\/uploads\/2021\/05\/KKN_lo-res-en-250x74.jpg 250w, https:\/\/archive.skaftfell.is\/wp-content\/uploads\/2021\/05\/KKN_lo-res-en-150x45.jpg 150w, https:\/\/archive.skaftfell.is\/wp-content\/uploads\/2021\/05\/KKN_lo-res-en-580x173.jpg 580w, https:\/\/archive.skaftfell.is\/wp-content\/uploads\/2021\/05\/KKN_lo-res-en.jpg 594w\" sizes=\"(max-width: 204px) 100vw, 204px\" \/><\/p>\n","protected":false},"excerpt":{"rendered":"<p>\u201cIn memoriam\u201d, a publication by our former residency artist Anna Vaivare, has reached the President of Iceland!\u00a0 The inside of the folded print shows drawings of eleven houses in Sey\u00f0isfj\u00f6r\u00f0ur that were destroyed by a series of landslides in December 2020. The outside shows an abstract drawing reminiscent of mud or rubble. These drawings were one of the many outcomes of Anna\u2019s residency at Skaftfell in April and May 2021. Their printed edition was designed by Anna and commissioned by Skaftfell.\u00a0 \u201cIn memoriam\u201d can be purchased through Skaftfell \u2013 for further information feel free to send us an email (skaftfell@archive.skaftfell.is). [\u2026] <\/p>\n<div class=\"clear\"><\/div>\n<p><a class=\"more_link clearfix\" href=\"https:\/\/archive.skaftfell.is\/en\/in-memoriam-a-publication-by-anna-vaivare-has-reached-the-president-of-iceland\/\" rel=\"nofollow\">Read More<\/a><\/p>\n","protected":false},"author":21,"featured_media":17694,"comment_status":"closed","ping_status":"closed","sticky":false,"template":"","format":"standard","meta":{"footnotes":""},"categories":[78,264],"tags":[],"class_list":["post-17698","post","type-post","status-publish","format-standard","has-post-thumbnail","hentry","category-news","category-residency-events-en"],"_links":{"self":[{"href":"https:\/\/archive.skaftfell.is\/en\/wp-json\/wp\/v2\/posts\/17698"}],"collection":[{"href":"https:\/\/archive.skaftfell.is\/en\/wp-json\/wp\/v2\/posts"}],"about":[{"href":"https:\/\/archive.skaftfell.is\/en\/wp-json\/wp\/v2\/types\/post"}],"author":[{"embeddable":true,"href":"https:\/\/archive.skaftfell.is\/en\/wp-json\/wp\/v2\/users\/21"}],"replies":[{"embeddable":true,"href":"https:\/\/archive.skaftfell.is\/en\/wp-json\/wp\/v2\/comments?post=17698"}],"version-history":[{"count":0,"href":"https:\/\/archive.skaftfell.is\/en\/wp-json\/wp\/v2\/posts\/17698\/revisions"}],"wp:featuredmedia":[{"embeddable":true,"href":"https:\/\/archive.skaftfell.is\/en\/wp-json\/wp\/v2\/media\/17694"}],"wp:attachment":[{"href":"https:\/\/archive.skaftfell.is\/en\/wp-json\/wp\/v2\/media?parent=17698"}],"wp:term":[{"taxonomy":"category","embeddable":true,"href":"https:\/\/archive.skaftfell.is\/en\/wp-json\/wp\/v2\/categories?post=17698"},{"taxonomy":"post_tag","embeddable":true,"href":"https:\/\/archive.skaftfell.is\/en\/wp-json\/wp\/v2\/tags?post=17698"}],"curies":[{"name":"wp","href":"https:\/\/api.w.org\/{rel}","templated":true}]}}