{"id":18756,"date":"2022-10-16T22:03:52","date_gmt":"2022-10-16T22:03:52","guid":{"rendered":"https:\/\/archive.skaftfell.is\/?p=18756"},"modified":"2023-04-01T04:43:24","modified_gmt":"2023-04-01T04:43:24","slug":"hello-do-you-hear-us-workshop-on-climate-action-for-young-people","status":"publish","type":"post","link":"https:\/\/archive.skaftfell.is\/en\/hello-do-you-hear-us-workshop-on-climate-action-for-young-people\/","title":{"rendered":"Hello, do you hear us?! Workshop on climate action for young people"},"content":{"rendered":"<p><strong>On October 22, Skaftfell offers a workshop on climate change awareness and climate action for children aged 8 and older. <\/strong><\/p>\n<p><strong>The workshop starts at 10:00 in Skaftfell, Austurvegur 42, 3rd floor, and finishes there at 14:00. <\/strong><\/p>\n<p><strong>At some point in between the group will take a short walk around town. A simple lunch will be provided.\u00a0<\/strong><\/p>\n<p><strong>Participation is free. To register please email fraedsla@archive.skaftfell.is.\u00a0<\/strong><\/p>\n<p><span style=\"font-weight: 400;\">In this creative workshop, developed and led by Anna Margr\u00e9t \u00d3lafsd\u00f3ttir and Sign\u00fd J\u00f3nsd\u00f3ttir, we will discuss our awareness of climate change in the present and in the future. What do we know? What do we want to know? Are our concerns being heard? How can we address coming changes with courage? Starting from these questions we will produce a script for a radio program which will be broadcast <\/span><span style=\"font-weight: 400;\">live <\/span><span style=\"font-weight: 400;\">on <a href=\"https:\/\/seydisfjordurcommunityradio.net\" target=\"_blank\" rel=\"noopener\">Sey\u00f0isfj\u00f6r\u00f0ur Community Radio 107.1 FM<\/a> on Saturday at <\/span><span style=\"font-weight: 400;\">13:00.\u00a0<\/span><span style=\"font-weight: 400;\">We will also begin to build a collective sculpture, a cairn, that will grow over the coming years and stand for positive motivation in the fight against climate change.<\/span><\/p>\n<p><span style=\"font-weight: 400;\"><strong>Anna Margr\u00e9t \u00d3lafsd\u00f3ttir<\/strong>, artist, and <strong>Sign\u00fd J\u00f3nsd\u00f3ttir<\/strong>, designer, have been working together on creative projects for children and adults for several years. While they were living in Sey\u00f0isfj\u00f6r\u00f0ur in 2020\/2021 they taught at the school and the kindergarden. Now Sign\u00fd is teaching at the Iceland Academy of the Arts (LH\u00cd) and at the LungA School in Sey\u00f0isfj\u00f6r\u00f0ur, and Anna Margr\u00e9t is studying Art Education at LH\u00cd.<\/span><\/p>\n<p><span style=\"font-weight: 400;\">The workshop is initiated and supported by the <a href=\"https:\/\/archive.skaftfell.is\/en\/projects\/nordic-alliance-of-artists-residencies-on-climate-action-naarca-2021-2024\/\" target=\"_blank\" rel=\"noopener\">Nordic Alliance of Artists\u2019 Residencies on Climate Action (NAARCA)<\/a>, of which Skaftfell is a member. NAARCA is a collaborative project researching the role of artist residency programs in the search for climate action strategies. In the context of climate education it investigates how art education can contribute to counteracting climate anxiety in children and to fostering young people\u2019s empowerment in the face of the climate crisis.<\/span><\/p>\n<p><img loading=\"lazy\" decoding=\"async\" class=\"wp-image-18626 alignleft\" src=\"https:\/\/archive.skaftfell.is\/wp-content\/uploads\/2022\/09\/NAARCA-logo-3-crop-500x274.png\" alt=\"\" width=\"172\" height=\"94\" srcset=\"https:\/\/archive.skaftfell.is\/wp-content\/uploads\/2022\/09\/NAARCA-logo-3-crop-500x274.png 500w, https:\/\/archive.skaftfell.is\/wp-content\/uploads\/2022\/09\/NAARCA-logo-3-crop-250x137.png 250w, https:\/\/archive.skaftfell.is\/wp-content\/uploads\/2022\/09\/NAARCA-logo-3-crop-150x82.png 150w, https:\/\/archive.skaftfell.is\/wp-content\/uploads\/2022\/09\/NAARCA-logo-3-crop-768x421.png 768w, https:\/\/archive.skaftfell.is\/wp-content\/uploads\/2022\/09\/NAARCA-logo-3-crop-800x439.png 800w, https:\/\/archive.skaftfell.is\/wp-content\/uploads\/2022\/09\/NAARCA-logo-3-crop-580x318.png 580w, https:\/\/archive.skaftfell.is\/wp-content\/uploads\/2022\/09\/NAARCA-logo-3-crop.png 1080w\" sizes=\"(max-width: 172px) 100vw, 172px\" \/><\/p>\n","protected":false},"excerpt":{"rendered":"<p>On October 22, Skaftfell offers a workshop on climate change awareness and climate action for children aged 8 and older. The workshop starts at 10:00 in Skaftfell, Austurvegur 42, 3rd floor, and finishes there at 14:00. At some point in between the group will take a short walk around town. A simple lunch will be provided.\u00a0 Participation is free. To register please email fraedsla@archive.skaftfell.is.\u00a0 In this creative workshop, developed and led by Anna Margr\u00e9t \u00d3lafsd\u00f3ttir and Sign\u00fd J\u00f3nsd\u00f3ttir, we will discuss our awareness of climate change in the present and in the future. What do we know? What do we [\u2026] <\/p>\n<div class=\"clear\"><\/div>\n<p><a class=\"more_link clearfix\" href=\"https:\/\/archive.skaftfell.is\/en\/hello-do-you-hear-us-workshop-on-climate-action-for-young-people\/\" rel=\"nofollow\">Read More<\/a><\/p>\n","protected":false},"author":21,"featured_media":18772,"comment_status":"closed","ping_status":"closed","sticky":false,"template":"","format":"standard","meta":{"footnotes":""},"categories":[144,78],"tags":[],"class_list":["post-18756","post","type-post","status-publish","format-standard","has-post-thumbnail","hentry","category-art-course-and-workshop-for-children","category-news"],"_links":{"self":[{"href":"https:\/\/archive.skaftfell.is\/en\/wp-json\/wp\/v2\/posts\/18756"}],"collection":[{"href":"https:\/\/archive.skaftfell.is\/en\/wp-json\/wp\/v2\/posts"}],"about":[{"href":"https:\/\/archive.skaftfell.is\/en\/wp-json\/wp\/v2\/types\/post"}],"author":[{"embeddable":true,"href":"https:\/\/archive.skaftfell.is\/en\/wp-json\/wp\/v2\/users\/21"}],"replies":[{"embeddable":true,"href":"https:\/\/archive.skaftfell.is\/en\/wp-json\/wp\/v2\/comments?post=18756"}],"version-history":[{"count":0,"href":"https:\/\/archive.skaftfell.is\/en\/wp-json\/wp\/v2\/posts\/18756\/revisions"}],"wp:featuredmedia":[{"embeddable":true,"href":"https:\/\/archive.skaftfell.is\/en\/wp-json\/wp\/v2\/media\/18772"}],"wp:attachment":[{"href":"https:\/\/archive.skaftfell.is\/en\/wp-json\/wp\/v2\/media?parent=18756"}],"wp:term":[{"taxonomy":"category","embeddable":true,"href":"https:\/\/archive.skaftfell.is\/en\/wp-json\/wp\/v2\/categories?post=18756"},{"taxonomy":"post_tag","embeddable":true,"href":"https:\/\/archive.skaftfell.is\/en\/wp-json\/wp\/v2\/tags?post=18756"}],"curies":[{"name":"wp","href":"https:\/\/api.w.org\/{rel}","templated":true}]}}